{"id":5564,"date":"2018-06-01T11:26:52","date_gmt":"2018-06-01T09:26:52","guid":{"rendered":"https:\/\/www.esupcom.com\/?post_type=actualite&#038;p=5564"},"modified":"2024-02-06T11:37:51","modified_gmt":"2024-02-06T10:37:51","slug":"benoit-raynert-directeur-artistique","status":"publish","type":"actualite","link":"https:\/\/www.esupcom.com\/actualite\/benoit-raynert-directeur-artistique\/","title":{"rendered":"Interview avec Benoit Raynet, directeur artistique passionn\u00e9"},"content":{"rendered":"\n<p>Nous avons eu la chance d\u2019interviewer Benoit Raynert, directeur artistique au CV \u00e9toff\u00e9 et passionn\u00e9 par l\u2019affichage.<\/p>\n\n\n\n<h2 class=\"wp-block-heading\">Qui est Benoit Raynert ?<\/h2>\n\n\n\n<p><a href=\"https:\/\/fr.linkedin.com\/in\/benoit-raynert-670276145\" target=\"_blank\" rel=\"noreferrer noopener\">Benoit Raynet<\/a> est un directeur artistique passionn\u00e9 d\u2019image, qui a exerc\u00e9 au sein des plus grandes agences de cr\u00e9ation : Saatchi &amp; Saatchi, Publicis, Ogilvy ou encore McCain. Il a \u00e9galement produit de nombreuses campagnes reconnues pour, notamment, Cointreau, IBM, Nestl\u00e9, Eurobest, Reporters sans fronti\u00e8res, WWF ou Duracell.<\/p>\n\n\n\n<p>Son go\u00fbt prononc\u00e9 pour le cin\u00e9ma, et l\u2019affichage, lui a \u00e9galement permis de cr\u00e9er des affiches de film tels que Indochine, le Z\u00e8bre, Pulp Fiction et de d\u00e9crocher le prix de l\u2019affiche de cin\u00e9ma avec Entre Ciel et Terre d\u2019Oliver Stone.<\/p>\n\n\n\n<h2 class=\"wp-block-heading\">Notre interview avec Benoit Raynert<\/h2>\n\n\n\n<h2 class=\"wp-block-heading\">https:\/\/www.youtube.com\/embed\/wweViYfSGCY<\/h2>\n\n\n\n<h2 class=\"wp-block-heading\">Retrouvez la retranscription de l\u2019interview<\/h2>\n\n\n\n<p>Bonjour, je m\u2019appelle Benoit Raynert, je suis directeur artistique. J\u2019ai \u00e9t\u00e9 form\u00e9 \u00e0 l\u2019\u00e9cole Estienne, \u00e9cole qui est \u00e0 Paris et j\u2019ai un parcours professionnel qui m\u2019a permis de traverser de grandes agences parisiennes, comme Publicis Conseil, Saatchi &amp; Saatchi, Ogilvy, et plus r\u00e9cemment McCain.<\/p>\n\n\n\n<p>J\u2019ai aussi un petit parcours o\u00f9 j\u2019ai pu travailler comme affichiste au cin\u00e9ma. Et aujourd\u2019hui, je suis intervenu \u00e0 Esupcom pour parler de l\u2019affiche.<\/p>\n\n\n\n<p>C&#8217;est une exp\u00e9rience tr\u00e8s int\u00e9ressante de se retrouver devant plus d\u2019une centaine d\u2019\u00e9tudiants, passionn\u00e9s eux aussi par leur m\u00e9tier. Je leur ai expliqu\u00e9 quelle a \u00e9t\u00e9 ma d\u00e9marche, et comment j\u2019ai pu travailler durant cette p\u00e9riode pour le cin\u00e9ma.<\/p>\n\n\n\n<p>J\u2019ai fait quelques affiches, comme <a href=\"http:\/\/www.allocine.fr\/film\/fichefilm-7309\/photos\/detail\/?cmediafile=21335738\" target=\"_blank\" rel=\"noreferrer noopener\">Indochine, <\/a><a href=\"http:\/\/www.allocine.fr\/film\/fichefilm-10126\/photos\/detail\/?cmediafile=18686501\" target=\"_blank\" rel=\"noreferrer noopener\">Pulp Fiction, <\/a><a href=\"https:\/\/www.senscritique.com\/film\/Short_Cuts\/437957\" target=\"_blank\" rel=\"noreferrer noopener\">Short Cut<\/a><a href=\"http:\/\/www.allocine.fr\/film\/fichefilm-10126\/photos\/detail\/?cmediafile=18686501\" target=\"_blank\" rel=\"noreferrer noopener\"> de Robert Altman, etc. Je ne vais pas tout vous citer, mais en tout cas \u00e7a m\u2019a permis d\u2019intervenir et de comprendre la puissance qu\u2019\u00e9tait ce m\u00e9dia affiche pour le cin\u00e9ma et aussi, apr\u00e8s, pour la publicit\u00e9.<\/a><\/p>\n\n\n\n<p>Dans le cadre de diff\u00e9rentes agences j\u2019ai pu concevoir des campagnes d\u2019affichage pour des marques comme Pampers, Ariel, Renault, Cointreau etc. J\u2019\u00e9tais confront\u00e9, avec ce m\u00e9dia, \u00e0 la performance, \u00e0 la puissance que peut avoir ce m\u00e9dia dans la rue et comment \u00e7a g\u00e9n\u00e8re du contact avec le passant, le voyageur du m\u00e9tro, l\u2019automobiliste dans sa voiture, comment l\u2019accrocher avec un visuel fort, simple et un message simple aussi.<\/p>\n\n\n\n<p>Ce que j\u2019ai souhait\u00e9 faire vis-\u00e0-vis des \u00e9tudiants, ce n\u2019est pas simplement me concentrer sur l\u2019affiche, car c\u2019est un m\u00e9dia qui \u00e9volue. On sait aujourd\u2019hui que la technologie, et les data, dont on parle de plus en plus, permettent une r\u00e9elle \u00e9volution, voire un changement radical de ce m\u00e9dia.<\/p>\n\n\n\n<p>Ce que j\u2019ai essay\u00e9 de leur dire, c\u2019est que c\u2019est vraiment un m\u00e9tier de passion, et que si on n\u2019a pas cette petite flamme, que ce soit pour une affiche, que ce soit pour un flyer, c\u2019est un petit peu dommage. Cette flamme que l\u2019on peut avoir, \u00e7a s\u2019entretient au quotidien. \u00c7a s\u2019entretient par une nourriture visuelle, graphique qu\u2019ils doivent enrichir constamment, jour apr\u00e8s jour.<\/p>\n\n\n\n<h2 class=\"wp-block-heading\">Nos formations en design &amp; graphisme<\/h2>\n\n\n\n<ul>\n<li><a href=\"https:\/\/www.efficom.fr\/design_school\/bachelor-design-web-numerique\/\" target=\"_blank\" rel=\"noreferrer noopener\">Bachelor Design Web &amp; Num\u00e9rique<\/a><\/li>\n\n\n\n<li><a href=\"https:\/\/www.eductive-dbs.fr\/nos-formations\/formations-digital\/bachelor\/\" target=\"_blank\" rel=\"noreferrer noopener\">Bachelor Digital<\/a><\/li>\n\n\n\n<li><a href=\"https:\/\/www.efficom.fr\/design_school\/bachelor-design-graphique\/\" target=\"_blank\" rel=\"noreferrer noopener\">Bachelor Design Graphique<\/a><\/li>\n<\/ul>\n","protected":false},"featured_media":9935,"template":"","themecore_city":[1929],"themecore_schools":[],"acf":[],"yoast_head":"<!-- This site is optimized with the Yoast SEO plugin v21.5 - https:\/\/yoast.com\/wordpress\/plugins\/seo\/ -->\n<title>Benoit Raynet Interview avec un directeur artistique passionn\u00e9<\/title>\n<meta name=\"description\" content=\"D\u00e9couvrez l&#039;univers cr\u00e9atif de Benoit Raynet, directeur artistique passionn\u00e9 \u00e0 travers cette interview exclusive. Plongez dans son parcours inspirant!\" \/>\n<meta name=\"robots\" content=\"index, follow, max-snippet:-1, max-image-preview:large, max-video-preview:-1\" \/>\n<link rel=\"canonical\" href=\"https:\/\/www.esupcom.com\/actualite\/benoit-raynert-directeur-artistique\/\" \/>\n<meta property=\"og:locale\" content=\"fr_FR\" \/>\n<meta property=\"og:type\" content=\"article\" \/>\n<meta property=\"og:title\" content=\"Benoit Raynet Interview avec un directeur artistique passionn\u00e9\" \/>\n<meta property=\"og:description\" content=\"D\u00e9couvrez l&#039;univers cr\u00e9atif de Benoit Raynet, directeur artistique passionn\u00e9 \u00e0 travers cette interview exclusive. Plongez dans son parcours inspirant!\" \/>\n<meta property=\"og:url\" content=\"https:\/\/www.esupcom.com\/actualite\/benoit-raynert-directeur-artistique\/\" \/>\n<meta property=\"og:site_name\" content=\"Esupcom\" \/>\n<meta property=\"article:modified_time\" content=\"2024-02-06T10:37:51+00:00\" \/>\n<meta property=\"og:image\" content=\"https:\/\/www.esupcom.com\/images\/benoit-raynert-directeur-artistique.png\" \/>\n\t<meta property=\"og:image:width\" content=\"1200\" \/>\n\t<meta property=\"og:image:height\" content=\"269\" \/>\n\t<meta property=\"og:image:type\" content=\"image\/png\" \/>\n<meta name=\"twitter:card\" content=\"summary_large_image\" \/>\n<meta name=\"twitter:label1\" content=\"Est. reading time\" \/>\n\t<meta name=\"twitter:data1\" content=\"3 minutes\" \/>\n<script type=\"application\/ld+json\" class=\"yoast-schema-graph\">{\"@context\":\"https:\/\/schema.org\",\"@graph\":[{\"@type\":\"WebPage\",\"@id\":\"https:\/\/www.esupcom.com\/actualite\/benoit-raynert-directeur-artistique\/\",\"url\":\"https:\/\/www.esupcom.com\/actualite\/benoit-raynert-directeur-artistique\/\",\"name\":\"Benoit Raynet Interview avec un directeur artistique passionn\u00e9\",\"isPartOf\":{\"@id\":\"https:\/\/www.esupcom.com\/#website\"},\"datePublished\":\"2018-06-01T09:26:52+00:00\",\"dateModified\":\"2024-02-06T10:37:51+00:00\",\"description\":\"D\u00e9couvrez l'univers cr\u00e9atif de Benoit Raynet, directeur artistique passionn\u00e9 \u00e0 travers cette interview exclusive. Plongez dans son parcours inspirant!\",\"breadcrumb\":{\"@id\":\"https:\/\/www.esupcom.com\/actualite\/benoit-raynert-directeur-artistique\/#breadcrumb\"},\"inLanguage\":\"fr-FR\",\"potentialAction\":[{\"@type\":\"ReadAction\",\"target\":[\"https:\/\/www.esupcom.com\/actualite\/benoit-raynert-directeur-artistique\/\"]}]},{\"@type\":\"BreadcrumbList\",\"@id\":\"https:\/\/www.esupcom.com\/actualite\/benoit-raynert-directeur-artistique\/#breadcrumb\",\"itemListElement\":[{\"@type\":\"ListItem\",\"position\":1,\"name\":\"Accueil\",\"item\":\"https:\/\/www.esupcom.com\/\"},{\"@type\":\"ListItem\",\"position\":2,\"name\":\"Actualit\u00e9s\",\"item\":\"https:\/\/www.esupcom.com\/actualite\/\"},{\"@type\":\"ListItem\",\"position\":3,\"name\":\"Interview avec Benoit Raynet, directeur artistique passionn\u00e9\"}]},{\"@type\":\"WebSite\",\"@id\":\"https:\/\/www.esupcom.com\/#website\",\"url\":\"https:\/\/www.esupcom.com\/\",\"name\":\"Esupcom\",\"description\":\"Un site utilisant WordPress\",\"publisher\":{\"@id\":\"https:\/\/www.esupcom.com\/#organization\"},\"potentialAction\":[{\"@type\":\"SearchAction\",\"target\":{\"@type\":\"EntryPoint\",\"urlTemplate\":\"https:\/\/www.esupcom.com\/?s={search_term_string}\"},\"query-input\":\"required name=search_term_string\"}],\"inLanguage\":\"fr-FR\"},{\"@type\":\"Organization\",\"@id\":\"https:\/\/www.esupcom.com\/#organization\",\"name\":\"Esupcom\",\"url\":\"https:\/\/www.esupcom.com\/\",\"logo\":{\"@type\":\"ImageObject\",\"inLanguage\":\"fr-FR\",\"@id\":\"https:\/\/www.esupcom.com\/#\/schema\/logo\/image\/\",\"url\":\"https:\/\/www.esupcom.com\/images\/Logo_Esupcom_Classique_Plan-de-travail-1.png\",\"contentUrl\":\"https:\/\/www.esupcom.com\/images\/Logo_Esupcom_Classique_Plan-de-travail-1.png\",\"width\":334,\"height\":140,\"caption\":\"Esupcom\"},\"image\":{\"@id\":\"https:\/\/www.esupcom.com\/#\/schema\/logo\/image\/\"}}]}<\/script>\n<!-- \/ Yoast SEO plugin. -->","yoast_head_json":{"title":"Benoit Raynet Interview avec un directeur artistique passionn\u00e9","description":"D\u00e9couvrez l'univers cr\u00e9atif de Benoit Raynet, directeur artistique passionn\u00e9 \u00e0 travers cette interview exclusive. Plongez dans son parcours inspirant!","robots":{"index":"index","follow":"follow","max-snippet":"max-snippet:-1","max-image-preview":"max-image-preview:large","max-video-preview":"max-video-preview:-1"},"canonical":"https:\/\/www.esupcom.com\/actualite\/benoit-raynert-directeur-artistique\/","og_locale":"fr_FR","og_type":"article","og_title":"Benoit Raynet Interview avec un directeur artistique passionn\u00e9","og_description":"D\u00e9couvrez l'univers cr\u00e9atif de Benoit Raynet, directeur artistique passionn\u00e9 \u00e0 travers cette interview exclusive. Plongez dans son parcours inspirant!","og_url":"https:\/\/www.esupcom.com\/actualite\/benoit-raynert-directeur-artistique\/","og_site_name":"Esupcom","article_modified_time":"2024-02-06T10:37:51+00:00","og_image":[{"width":1200,"height":269,"url":"https:\/\/www.esupcom.com\/images\/benoit-raynert-directeur-artistique.png","type":"image\/png"}],"twitter_card":"summary_large_image","twitter_misc":{"Est. reading time":"3 minutes"},"schema":{"@context":"https:\/\/schema.org","@graph":[{"@type":"WebPage","@id":"https:\/\/www.esupcom.com\/actualite\/benoit-raynert-directeur-artistique\/","url":"https:\/\/www.esupcom.com\/actualite\/benoit-raynert-directeur-artistique\/","name":"Benoit Raynet Interview avec un directeur artistique passionn\u00e9","isPartOf":{"@id":"https:\/\/www.esupcom.com\/#website"},"datePublished":"2018-06-01T09:26:52+00:00","dateModified":"2024-02-06T10:37:51+00:00","description":"D\u00e9couvrez l'univers cr\u00e9atif de Benoit Raynet, directeur artistique passionn\u00e9 \u00e0 travers cette interview exclusive. Plongez dans son parcours inspirant!","breadcrumb":{"@id":"https:\/\/www.esupcom.com\/actualite\/benoit-raynert-directeur-artistique\/#breadcrumb"},"inLanguage":"fr-FR","potentialAction":[{"@type":"ReadAction","target":["https:\/\/www.esupcom.com\/actualite\/benoit-raynert-directeur-artistique\/"]}]},{"@type":"BreadcrumbList","@id":"https:\/\/www.esupcom.com\/actualite\/benoit-raynert-directeur-artistique\/#breadcrumb","itemListElement":[{"@type":"ListItem","position":1,"name":"Accueil","item":"https:\/\/www.esupcom.com\/"},{"@type":"ListItem","position":2,"name":"Actualit\u00e9s","item":"https:\/\/www.esupcom.com\/actualite\/"},{"@type":"ListItem","position":3,"name":"Interview avec Benoit Raynet, directeur artistique passionn\u00e9"}]},{"@type":"WebSite","@id":"https:\/\/www.esupcom.com\/#website","url":"https:\/\/www.esupcom.com\/","name":"Esupcom","description":"Un site utilisant WordPress","publisher":{"@id":"https:\/\/www.esupcom.com\/#organization"},"potentialAction":[{"@type":"SearchAction","target":{"@type":"EntryPoint","urlTemplate":"https:\/\/www.esupcom.com\/?s={search_term_string}"},"query-input":"required name=search_term_string"}],"inLanguage":"fr-FR"},{"@type":"Organization","@id":"https:\/\/www.esupcom.com\/#organization","name":"Esupcom","url":"https:\/\/www.esupcom.com\/","logo":{"@type":"ImageObject","inLanguage":"fr-FR","@id":"https:\/\/www.esupcom.com\/#\/schema\/logo\/image\/","url":"https:\/\/www.esupcom.com\/images\/Logo_Esupcom_Classique_Plan-de-travail-1.png","contentUrl":"https:\/\/www.esupcom.com\/images\/Logo_Esupcom_Classique_Plan-de-travail-1.png","width":334,"height":140,"caption":"Esupcom"},"image":{"@id":"https:\/\/www.esupcom.com\/#\/schema\/logo\/image\/"}}]}},"_links":{"self":[{"href":"https:\/\/www.esupcom.com\/wp-json\/wp\/v2\/actualite\/5564"}],"collection":[{"href":"https:\/\/www.esupcom.com\/wp-json\/wp\/v2\/actualite"}],"about":[{"href":"https:\/\/www.esupcom.com\/wp-json\/wp\/v2\/types\/actualite"}],"wp:featuredmedia":[{"embeddable":true,"href":"https:\/\/www.esupcom.com\/wp-json\/wp\/v2\/media\/9935"}],"wp:attachment":[{"href":"https:\/\/www.esupcom.com\/wp-json\/wp\/v2\/media?parent=5564"}],"wp:term":[{"taxonomy":"themecore_city","embeddable":true,"href":"https:\/\/www.esupcom.com\/wp-json\/wp\/v2\/themecore_city?post=5564"},{"taxonomy":"themecore_schools","embeddable":true,"href":"https:\/\/www.esupcom.com\/wp-json\/wp\/v2\/themecore_schools?post=5564"}],"curies":[{"name":"wp","href":"https:\/\/api.w.org\/{rel}","templated":true}]}}