{"id":4461,"date":"2018-01-22T16:52:46","date_gmt":"2018-01-22T15:52:46","guid":{"rendered":"https:\/\/www.esupcom.com\/?post_type=actualite&#038;p=4461"},"modified":"2023-09-11T14:43:37","modified_gmt":"2023-09-11T12:43:37","slug":"aixois-debarquent-cles-aixois-debarquent-en-camargue-amargue","status":"publish","type":"actualite","link":"https:\/\/www.esupcom.com\/actualite\/aixois-debarquent-cles-aixois-debarquent-en-camargue-amargue\/","title":{"rendered":"Les Aixois d\u00e9barquent en Camargue !"},"content":{"rendered":"\n<p>Dans le cadre de leur prochain projet, les \u00e9tudiants en Chef de Projets Ev\u00e8nementiels du campus d\u2019Aix-en-Provence partent \u00e0 l\u2019assaut de la Camargue !<\/p>\n\n\n\n<p>Le Domaine Paul Ricard de M\u00e9janes organise, comme toutes les ann\u00e9es depuis un peu plus de 30 ans, la f\u00e9ria du cheval au sein de leurs terres. Ils ont d\u00e9cid\u00e9 de travailler avec nos \u00e9tudiants pour organiser un \u00e9v\u00e9nement dans l\u2019\u00e9v\u00e9nement !<\/p>\n\n\n\n<p>Ce projet mettra en sc\u00e8ne un artiste qui \u00e9laborera, tout au long de la journ\u00e9e, une \u0153uvre participative sous le th\u00e8me du cheval et de la Camargue.<\/p>\n\n\n\n<p>Un grand ponte pour un grand projet, alors souhaitons leur bonne chance !<\/p>\n\n\n\n<p>Et n\u2019oubliez pas que l\u2019apprentissage ne s\u2019effectue pas uniquement dans une salle de classe.<\/p>\n\n\n\n<p>Un peu d \u2018histoire, le Mas de M\u00e9janes est une ancienne demeure des Templiers au XIIIe si\u00e8cle, dont une partie des b\u00e2timents fortifi\u00e9s date du XIe si\u00e8cle. Il est inscrit \u00e0 l\u2019Inventaire suppl\u00e9mentaire des monuments historiques.<\/p>\n\n\n\n<p>Dans la cour du mas, on peut observer un calvaire, la croix de M\u00e9janes (XVII\u00e8me), qui a donn\u00e9 au domaine son embl\u00e8me et \u00e0 la manade sa marque.<\/p>\n\n\n\n<p>Paul Ricard cr\u00e9a sa propre manade et b\u00e2tit des ar\u00e8nes en dur dans les ann\u00e9es 50. M\u00e9janes accueille alors des novilladas, corridas et surtout des courses libres. La marque \u00e0 feu de la manade, le tr\u00e8fle \u00e0 quatre feuilles, repr\u00e9sente la croix du domaine de M\u00e9janes.<\/p>\n\n\n\n<p><a href=\"https:\/\/www.mejanes-camargue.fr\/\" target=\"_blank\" rel=\"noreferrer noopener\">Source : www.mejanes-camargue.fr<\/a><\/p>\n\n\n\n<figure class=\"wp-block-image\"><img decoding=\"async\" src=\"\/images\/2018\/01\/27265122_872285522952153_917344060_o.jpg\" alt=\"Les Aixois d\u00e9barquent en Camargue !\" \/><\/figure>\n\n\n\n<figure class=\"wp-block-image\"><img decoding=\"async\" src=\"\/images\/2018\/01\/27264950_872285472952158_184907281_o.jpg\" alt=\"Les Aixois d\u00e9barquent en Camargue !\" \/><\/figure>\n\n\n\n<figure class=\"wp-block-image\"><img decoding=\"async\" src=\"\/images\/2018\/01\/27144325_872285096285529_1988003562_o.jpg\" alt=\"Les Aixois en Camargue\" \/><\/figure>\n\n\n\n<figure class=\"wp-block-image\"><img decoding=\"async\" src=\"\/images\/2018\/01\/27140968_872285512952154_1777147650_o.jpg\" alt=\"Les Aixois en Camargue\" \/><\/figure>\n\n\n\n<figure class=\"wp-block-image\"><img decoding=\"async\" src=\"\/images\/2018\/01\/27048866_872285136285525_1402354169_o.jpg\" alt=\"Les Aixois en Camargue\" \/><\/figure>\n\n\n\n<figure class=\"wp-block-image\"><img decoding=\"async\" src=\"\/images\/2018\/01\/27144687_872285332952172_873247133_o.jpg\" alt=\"Les Aixois en Camargue\" \/><\/figure>\n\n\n\n<figure class=\"wp-block-image\"><img decoding=\"async\" src=\"\/images\/2018\/01\/27140638_872285289618843_632388540_o.jpg\" alt=\"Les Aixois en Camargue\" \/><\/figure>\n\n\n\n<figure class=\"wp-block-image\"><img decoding=\"async\" src=\"\/images\/2018\/01\/27049133_872285189618853_1443962424_o.jpg\" alt=\"Les Aixois en Camargue\" \/><\/figure>\n\n\n\n<figure class=\"wp-block-image\"><img decoding=\"async\" src=\"\/images\/2018\/01\/27049065_872285089618863_441278686_o.jpg\" alt=\"Les Aixois en Camargue\" \/><\/figure>\n\n\n\n<figure class=\"wp-block-image\"><img decoding=\"async\" src=\"\/images\/2018\/01\/27046464_872285116285527_1617165663_o.jpg\" alt=\"Les Aixois en Camargue\" \/><\/figure>\n\n\n\n<figure class=\"wp-block-image\"><img decoding=\"async\" src=\"\/images\/2018\/01\/27335016_872285179618854_1110307611_o.jpg\" alt=\"Les Aixois en Camargue\" \/><\/figure>\n\n\n\n<figure class=\"wp-block-image\"><img decoding=\"async\" src=\"\/images\/2018\/01\/27145515_872285162952189_515332178_o.jpg\" alt=\"Les Aixois d\u00e9barquent en Camargue !\" \/><\/figure>\n\n\n\n<figure class=\"wp-block-image\"><img decoding=\"async\" src=\"\/images\/2018\/01\/27265961_872285529618819_1431482094_o.jpg\" alt=\"Les Aixois d\u00e9barquent en Camargue !\" \/><\/figure>\n\n\n\n<figure class=\"wp-block-image\"><img decoding=\"async\" src=\"\/images\/2018\/01\/20182159_872285032952202_832935703_o.jpg\" alt=\"Les Aixois en Camargue\" \/><\/figure>\n\n\n\n<figure class=\"wp-block-image\"><img decoding=\"async\" src=\"\/images\/2018\/01\/27145063_872284976285541_1487915698_o.jpg\" alt=\"Les Aixois d\u00e9barquent en Camargue !\" \/><\/figure>\n\n\n\n<figure class=\"wp-block-image\"><img decoding=\"async\" src=\"\/images\/2018\/01\/27140639_872285009618871_1022024886_o.jpg\" alt=\"Les Aixois en Camargue\" \/><\/figure>\n","protected":false},"featured_media":10062,"template":"","themecore_city":[1955],"themecore_schools":[],"acf":[],"yoast_head":"<!-- This site is optimized with the Yoast SEO plugin v21.5 - https:\/\/yoast.com\/wordpress\/plugins\/seo\/ -->\n<title>Les Aixois d&#039;Esupcom d\u00e9barquent en Camargue ! - Esupcom<\/title>\n<meta name=\"description\" content=\"Les \u00e9tudiants en Chef de Projets \u00c9v\u00e9nementiels du campus d\u2019Aix-en-Provence se lancent \u00e0 la conqu\u00eate de la belle r\u00e9gion de la Camargue pour leur projet\" \/>\n<meta name=\"robots\" content=\"index, follow, max-snippet:-1, max-image-preview:large, max-video-preview:-1\" \/>\n<link rel=\"canonical\" href=\"https:\/\/www.esupcom.com\/actualite\/aixois-debarquent-cles-aixois-debarquent-en-camargue-amargue\/\" \/>\n<meta property=\"og:locale\" content=\"fr_FR\" \/>\n<meta property=\"og:type\" content=\"article\" \/>\n<meta property=\"og:title\" content=\"Les Aixois d&#039;Esupcom d\u00e9barquent en Camargue ! - Esupcom\" \/>\n<meta property=\"og:description\" content=\"Les \u00e9tudiants en Chef de Projets \u00c9v\u00e9nementiels du campus d\u2019Aix-en-Provence se lancent \u00e0 la conqu\u00eate de la belle r\u00e9gion de la Camargue pour leur projet\" \/>\n<meta property=\"og:url\" content=\"https:\/\/www.esupcom.com\/actualite\/aixois-debarquent-cles-aixois-debarquent-en-camargue-amargue\/\" \/>\n<meta property=\"og:site_name\" content=\"Esupcom\" \/>\n<meta property=\"article:modified_time\" content=\"2023-09-11T12:43:37+00:00\" \/>\n<meta property=\"og:image\" content=\"https:\/\/www.esupcom.com\/images\/Les-Aixois-a-Camargue.jpg\" \/>\n\t<meta property=\"og:image:width\" content=\"1200\" \/>\n\t<meta property=\"og:image:height\" content=\"269\" \/>\n\t<meta property=\"og:image:type\" content=\"image\/jpeg\" \/>\n<meta name=\"twitter:card\" content=\"summary_large_image\" \/>\n<meta name=\"twitter:label1\" content=\"Est. reading time\" \/>\n\t<meta name=\"twitter:data1\" content=\"5 minutes\" \/>\n<script type=\"application\/ld+json\" class=\"yoast-schema-graph\">{\"@context\":\"https:\/\/schema.org\",\"@graph\":[{\"@type\":\"WebPage\",\"@id\":\"https:\/\/www.esupcom.com\/actualite\/aixois-debarquent-cles-aixois-debarquent-en-camargue-amargue\/\",\"url\":\"https:\/\/www.esupcom.com\/actualite\/aixois-debarquent-cles-aixois-debarquent-en-camargue-amargue\/\",\"name\":\"Les Aixois d'Esupcom d\u00e9barquent en Camargue ! - Esupcom\",\"isPartOf\":{\"@id\":\"https:\/\/www.esupcom.com\/#website\"},\"datePublished\":\"2018-01-22T15:52:46+00:00\",\"dateModified\":\"2023-09-11T12:43:37+00:00\",\"description\":\"Les \u00e9tudiants en Chef de Projets \u00c9v\u00e9nementiels du campus d\u2019Aix-en-Provence se lancent \u00e0 la conqu\u00eate de la belle r\u00e9gion de la Camargue pour leur projet\",\"breadcrumb\":{\"@id\":\"https:\/\/www.esupcom.com\/actualite\/aixois-debarquent-cles-aixois-debarquent-en-camargue-amargue\/#breadcrumb\"},\"inLanguage\":\"fr-FR\",\"potentialAction\":[{\"@type\":\"ReadAction\",\"target\":[\"https:\/\/www.esupcom.com\/actualite\/aixois-debarquent-cles-aixois-debarquent-en-camargue-amargue\/\"]}]},{\"@type\":\"BreadcrumbList\",\"@id\":\"https:\/\/www.esupcom.com\/actualite\/aixois-debarquent-cles-aixois-debarquent-en-camargue-amargue\/#breadcrumb\",\"itemListElement\":[{\"@type\":\"ListItem\",\"position\":1,\"name\":\"Accueil\",\"item\":\"https:\/\/www.esupcom.com\/\"},{\"@type\":\"ListItem\",\"position\":2,\"name\":\"Actualit\u00e9s\",\"item\":\"https:\/\/www.esupcom.com\/actualite\/\"},{\"@type\":\"ListItem\",\"position\":3,\"name\":\"Les Aixois d\u00e9barquent en Camargue !\"}]},{\"@type\":\"WebSite\",\"@id\":\"https:\/\/www.esupcom.com\/#website\",\"url\":\"https:\/\/www.esupcom.com\/\",\"name\":\"Esupcom\",\"description\":\"Un site utilisant WordPress\",\"publisher\":{\"@id\":\"https:\/\/www.esupcom.com\/#organization\"},\"potentialAction\":[{\"@type\":\"SearchAction\",\"target\":{\"@type\":\"EntryPoint\",\"urlTemplate\":\"https:\/\/www.esupcom.com\/?s={search_term_string}\"},\"query-input\":\"required name=search_term_string\"}],\"inLanguage\":\"fr-FR\"},{\"@type\":\"Organization\",\"@id\":\"https:\/\/www.esupcom.com\/#organization\",\"name\":\"Esupcom\",\"url\":\"https:\/\/www.esupcom.com\/\",\"logo\":{\"@type\":\"ImageObject\",\"inLanguage\":\"fr-FR\",\"@id\":\"https:\/\/www.esupcom.com\/#\/schema\/logo\/image\/\",\"url\":\"https:\/\/www.esupcom.com\/images\/Logo_Esupcom_Classique_Plan-de-travail-1.png\",\"contentUrl\":\"https:\/\/www.esupcom.com\/images\/Logo_Esupcom_Classique_Plan-de-travail-1.png\",\"width\":334,\"height\":140,\"caption\":\"Esupcom\"},\"image\":{\"@id\":\"https:\/\/www.esupcom.com\/#\/schema\/logo\/image\/\"}}]}<\/script>\n<!-- \/ Yoast SEO plugin. -->","yoast_head_json":{"title":"Les Aixois d'Esupcom d\u00e9barquent en Camargue ! - Esupcom","description":"Les \u00e9tudiants en Chef de Projets \u00c9v\u00e9nementiels du campus d\u2019Aix-en-Provence se lancent \u00e0 la conqu\u00eate de la belle r\u00e9gion de la Camargue pour leur projet","robots":{"index":"index","follow":"follow","max-snippet":"max-snippet:-1","max-image-preview":"max-image-preview:large","max-video-preview":"max-video-preview:-1"},"canonical":"https:\/\/www.esupcom.com\/actualite\/aixois-debarquent-cles-aixois-debarquent-en-camargue-amargue\/","og_locale":"fr_FR","og_type":"article","og_title":"Les Aixois d'Esupcom d\u00e9barquent en Camargue ! - Esupcom","og_description":"Les \u00e9tudiants en Chef de Projets \u00c9v\u00e9nementiels du campus d\u2019Aix-en-Provence se lancent \u00e0 la conqu\u00eate de la belle r\u00e9gion de la Camargue pour leur projet","og_url":"https:\/\/www.esupcom.com\/actualite\/aixois-debarquent-cles-aixois-debarquent-en-camargue-amargue\/","og_site_name":"Esupcom","article_modified_time":"2023-09-11T12:43:37+00:00","og_image":[{"width":1200,"height":269,"url":"https:\/\/www.esupcom.com\/images\/Les-Aixois-a-Camargue.jpg","type":"image\/jpeg"}],"twitter_card":"summary_large_image","twitter_misc":{"Est. reading time":"5 minutes"},"schema":{"@context":"https:\/\/schema.org","@graph":[{"@type":"WebPage","@id":"https:\/\/www.esupcom.com\/actualite\/aixois-debarquent-cles-aixois-debarquent-en-camargue-amargue\/","url":"https:\/\/www.esupcom.com\/actualite\/aixois-debarquent-cles-aixois-debarquent-en-camargue-amargue\/","name":"Les Aixois d'Esupcom d\u00e9barquent en Camargue ! - Esupcom","isPartOf":{"@id":"https:\/\/www.esupcom.com\/#website"},"datePublished":"2018-01-22T15:52:46+00:00","dateModified":"2023-09-11T12:43:37+00:00","description":"Les \u00e9tudiants en Chef de Projets \u00c9v\u00e9nementiels du campus d\u2019Aix-en-Provence se lancent \u00e0 la conqu\u00eate de la belle r\u00e9gion de la Camargue pour leur projet","breadcrumb":{"@id":"https:\/\/www.esupcom.com\/actualite\/aixois-debarquent-cles-aixois-debarquent-en-camargue-amargue\/#breadcrumb"},"inLanguage":"fr-FR","potentialAction":[{"@type":"ReadAction","target":["https:\/\/www.esupcom.com\/actualite\/aixois-debarquent-cles-aixois-debarquent-en-camargue-amargue\/"]}]},{"@type":"BreadcrumbList","@id":"https:\/\/www.esupcom.com\/actualite\/aixois-debarquent-cles-aixois-debarquent-en-camargue-amargue\/#breadcrumb","itemListElement":[{"@type":"ListItem","position":1,"name":"Accueil","item":"https:\/\/www.esupcom.com\/"},{"@type":"ListItem","position":2,"name":"Actualit\u00e9s","item":"https:\/\/www.esupcom.com\/actualite\/"},{"@type":"ListItem","position":3,"name":"Les Aixois d\u00e9barquent en Camargue !"}]},{"@type":"WebSite","@id":"https:\/\/www.esupcom.com\/#website","url":"https:\/\/www.esupcom.com\/","name":"Esupcom","description":"Un site utilisant WordPress","publisher":{"@id":"https:\/\/www.esupcom.com\/#organization"},"potentialAction":[{"@type":"SearchAction","target":{"@type":"EntryPoint","urlTemplate":"https:\/\/www.esupcom.com\/?s={search_term_string}"},"query-input":"required name=search_term_string"}],"inLanguage":"fr-FR"},{"@type":"Organization","@id":"https:\/\/www.esupcom.com\/#organization","name":"Esupcom","url":"https:\/\/www.esupcom.com\/","logo":{"@type":"ImageObject","inLanguage":"fr-FR","@id":"https:\/\/www.esupcom.com\/#\/schema\/logo\/image\/","url":"https:\/\/www.esupcom.com\/images\/Logo_Esupcom_Classique_Plan-de-travail-1.png","contentUrl":"https:\/\/www.esupcom.com\/images\/Logo_Esupcom_Classique_Plan-de-travail-1.png","width":334,"height":140,"caption":"Esupcom"},"image":{"@id":"https:\/\/www.esupcom.com\/#\/schema\/logo\/image\/"}}]}},"_links":{"self":[{"href":"https:\/\/www.esupcom.com\/wp-json\/wp\/v2\/actualite\/4461"}],"collection":[{"href":"https:\/\/www.esupcom.com\/wp-json\/wp\/v2\/actualite"}],"about":[{"href":"https:\/\/www.esupcom.com\/wp-json\/wp\/v2\/types\/actualite"}],"wp:featuredmedia":[{"embeddable":true,"href":"https:\/\/www.esupcom.com\/wp-json\/wp\/v2\/media\/10062"}],"wp:attachment":[{"href":"https:\/\/www.esupcom.com\/wp-json\/wp\/v2\/media?parent=4461"}],"wp:term":[{"taxonomy":"themecore_city","embeddable":true,"href":"https:\/\/www.esupcom.com\/wp-json\/wp\/v2\/themecore_city?post=4461"},{"taxonomy":"themecore_schools","embeddable":true,"href":"https:\/\/www.esupcom.com\/wp-json\/wp\/v2\/themecore_schools?post=4461"}],"curies":[{"name":"wp","href":"https:\/\/api.w.org\/{rel}","templated":true}]}}